{"id":5270,"date":"2026-09-02T10:55:32","date_gmt":"2026-09-02T10:55:32","guid":{"rendered":"https:\/\/aurumexperience.com\/?p=5270"},"modified":"2026-09-02T11:35:09","modified_gmt":"2026-09-02T11:35:09","slug":"alquiler-de-coche-con-conductor-en-madrid","status":"publish","type":"post","link":"https:\/\/aurumexperience.com\/es\/alquiler-de-coche-con-conductor-en-madrid\/","title":{"rendered":"Madrid a m\u00e1xima velocidad: transporte y concierge en Madrid para la F\u00f3rmula 1, las citas con la moda y los grandes encuentros corporativos"},"content":{"rendered":"<p>Pocas veces la capital concentra tanto en tan pocas semanas por lo que tener un <strong>concierge en Madrid<\/strong> puede cambiarlo todo. Este septiembre, contar con un asistente para tus gestiones, incluido el <strong>alquiler de coche con conductor en Madrid,<\/strong> deja de ser un servicio auxiliar para convertirse en una pieza de la planificaci\u00f3n corporativa. Del 11 al 13, el Gran Premio de Espa\u00f1a estrena el circuito MADRING en el entorno de IFEMA y Valdebebas. El lunes 14 arranca Mercedes-Benz Fashion Week Madrid, que se extiende hasta el 19. Y a partir de ah\u00ed, la agenda de ferias y congresos se dispara. Directivos, patrocinadores, inversores, dise\u00f1adores, compradores, delegaciones internacionales y medios coinciden en la misma ciudad, en las mismas fechas y, con frecuencia, en las mismas calles. Si tienes previsto pasar por la capital en las pr\u00f3ximas semanas, sigue leyendo.<\/p>\n<p>Septiembre es siempre el arranque real del a\u00f1o empresarial. Vuelven las reuniones aplazadas en julio, se retoman las presentaciones, aterrizan los comit\u00e9s internacionales y se cierran los calendarios del \u00faltimo trimestre. La demanda de hoteles, mesas y veh\u00edculos con conductor en Madrid sube de forma previsible cada primera semana del mes. Lo que hace singular a este mes es la superposici\u00f3n. Un mismo directivo puede tener un compromiso de hospitality el s\u00e1bado por la tarde, una reuni\u00f3n de inversi\u00f3n el lunes por la ma\u00f1ana y una cena privada el martes, con parte de su equipo permaneciendo en la ciudad para citas vinculadas a la moda o al sector del lujo. Tres agendas que sobre el papel no tienen relaci\u00f3n entre s\u00ed, pero que comparten conductores, veh\u00edculos, horarios y ventanas de tr\u00e1fico. Cuando eso ocurre, la coordinaci\u00f3n deja de ser un detalle operativo y pasa a determinar si el viaje cumple su prop\u00f3sito.<\/p>\n<h2><strong>La F\u00f3rmula 1 y el efecto MADRING sobre la movilidad<\/strong><\/h2>\n<p>El regreso de la F\u00f3rmula 1 a Madrid, m\u00e1s de cuatro d\u00e9cadas despu\u00e9s, llega con una particularidad que conviene anticipar: el circuito ocupa el recinto ferial de IFEMA y los terrenos de Valdebebas, a pocos minutos del aeropuerto Adolfo Su\u00e1rez Madrid-Barajas y con cortes de tr\u00e1fico en el entorno durante los tres d\u00edas. La cercan\u00eda al aeropuerto es una ventaja para quien llega en vuelo privado, pero tambi\u00e9n concentra en la misma zona a decenas de miles de asistentes.<\/p>\n<p>Para patrocinadores y equipos, la exigencia se multiplica. Hay que mover a invitados de hospitality en franjas escalonadas, trasladar a directivos e inversores entre el circuito, los hoteles del centro y las cenas de la noche, y mantener veh\u00edculos a disposici\u00f3n durante jornadas que superan las ocho horas de actividad. Quien ya conoce este tipo de fin de semana sabe que la diferencia no est\u00e1 en el coche, sino en la anticipaci\u00f3n: rutas alternativas estudiadas antes de que se anuncien los cortes, puntos de recogida acordados con los responsables de protocolo y conductores que conocen la agenda completa. Para los desplazamientos espec\u00edficos del Gran Premio conviene revisar adem\u00e1s nuestras recomendaciones sobre el <a href=\"https:\/\/aurumexperience.com\/es\/chofer-privado-para-la-formula-1-en-madrid-vive-el-gran-premio-de-manera-exclusiva\/\">ch\u00f3fer privado para la F\u00f3rmula 1 en Madrid<\/a>.<\/p>\n<h2><strong>De la pista a la pasarela: la transici\u00f3n hacia Madrid Fashion Week<\/strong><\/h2>\n<p>Apenas veinticuatro horas despu\u00e9s de la carrera, la ciudad cambia de registro. Mercedes-Benz Fashion Week Madrid inaugura su edici\u00f3n el lunes 14 en el Invernadero del Palacio de Cristal de Arganzuela y despliega el resto del programa entre el Palacio de Cibeles y el campus de la Universidad Nebrija, en San Francisco de Sales. La pasarela ha dejado de concentrarse en un \u00fanico recinto para repartirse por la ciudad, y eso transforma por completo la log\u00edstica de quienes la siguen.<\/p>\n<p>Los desfiles se suceden con horarios variables y m\u00e1rgenes estrechos. Dise\u00f1adores, compradores, prensa e invitados se desplazan varias veces al d\u00eda entre localizaciones que no siempre est\u00e1n pr\u00f3ximas, y a los actos oficiales se suman las presentaciones privadas y las cenas de marca que llenan las noches. Aqu\u00ed un veh\u00edculo a disposici\u00f3n con conductor asignado resuelve algo que ning\u00fan servicio bajo demanda puede garantizar: estar donde toca, cuando toca, sin depender de la disponibilidad del momento ni del estado del tr\u00e1fico en una ciudad saturada.<\/p>\n<h2><strong>Ferias y congresos en la segunda mitad del mes<\/strong><\/h2>\n<p>Superadas ambas citas, llega el turno de las delegaciones empresariales. Las ferias y congresos profesionales de la recta final de septiembre traen consigo reuniones paralelas, visitas corporativas a sedes y f\u00e1bricas, comidas de trabajo y agendas que se modifican sobre la marcha.<\/p>\n<p>El reto entonces es de escala. Ya no se trata de un pasajero sino de grupos que hay que mover entre recintos feriales, hoteles, oficinas y restaurantes, coordinando flotas completas con horarios distintos para cada subgrupo. Un servicio de <a href=\"https:\/\/aurumexperience.com\/es\/servicios-de-mice-concierge\/\">MICE concierge<\/a> que asuma simult\u00e1neamente la <a href=\"https:\/\/aurumexperience.com\/es\/organizacion-de-eventos\/\">organizaci\u00f3n de eventos<\/a> y la movilidad evita el punto de fricci\u00f3n m\u00e1s habitual en estos casos: que el responsable del congreso tenga que hacer de intermediario entre proveedores que no hablan entre s\u00ed.<\/p>\n<h2><strong>Coordinaci\u00f3n y privacidad: m\u00e1s que un simple alquiler de coche con conductor en Madrid<\/strong><\/h2>\n<p>Mover a una persona de un punto a otro es sencillo. Sostener una agenda de varios d\u00edas con compromisos encadenados es otra cosa. Implica seguir los vuelos en tiempo real y adelantar o retrasar la recogida cuando se produce un cambio, escalonar las salidas para que un grupo no espere por otro, tener veh\u00edculos a disposici\u00f3n en lugar de traslados sueltos, disponer de rutas alternativas cuando se cierra una v\u00eda y absorber los cambios de \u00faltima hora sin trasladar la presi\u00f3n al pasajero. Exige tambi\u00e9n hablar el mismo idioma que los asistentes de direcci\u00f3n y los responsables de protocolo, que son quienes conocen las restricciones reales de cada agenda.<\/p>\n<p>Adem\u00e1s, cada vez m\u00e1s los altos ejecutivos buscan evitar la exposici\u00f3n p\u00fablica. Proteger una agenda significa que los nombres, las ubicaciones y los horarios no circulan fuera del c\u00edrculo estrictamente necesario. Adem\u00e1s se intenta reducir el n\u00famero de interlocutores que manejan esa informaci\u00f3n, garantizar la confidencialidad de lo que ocurre dentro del veh\u00edculo y establecer con claridad que no habr\u00e1 fotograf\u00edas ni publicaciones. Cuando el perfil del pasajero lo requiere, un dispositivo de <a href=\"https:\/\/aurumexperience.com\/es\/seguridad-privada-vip\/\">seguridad privada VIP<\/a> integrado en el mismo servicio evita que la protecci\u00f3n se convierta en un elemento visible, que es justo lo que suele delatar una presencia que se pretend\u00eda discreta.<\/p>\n<p>En Aurum Experience llevamos m\u00e1s de una d\u00e9cada coordinando ese tipo de operativas en la capital, desde los <a href=\"https:\/\/aurumexperience.com\/es\/servicios-de-aeropuerto-vip\/\">servicios VIP de aeropuerto<\/a> de la llegada hasta la reserva de la \u00faltima cena, pasando por el <a href=\"https:\/\/aurumexperience.com\/es\/concierge-para-empresas\/\">concierge para empresas<\/a> que sostiene la agenda paralela de cada invitado estrat\u00e9gico. Quien est\u00e9 ultimando su presencia en la ciudad durante estas semanas puede <a href=\"https:\/\/aurumexperience.com\/es\/contacte-con-nosotros\/\">ponerse en contacto con nuestro equipo<\/a> y resolver con un \u00fanico interlocutor los servicios de concierge, el <strong>alquiler de coche con conductor en Madrid<\/strong> y toda la coordinaci\u00f3n que lo acompa\u00f1a, para dedicar la atenci\u00f3n a lo que realmente ha tra\u00eddo el viaje.<\/p>\n<p>&nbsp;<\/p>\n<p><em><span style=\"color: #808080;\">Cr\u00e9ditos fotogr\u00e1ficos: Alex Azabache para Unsplash<\/span><\/em><\/p>\n","protected":false},"excerpt":{"rendered":"<p>Pocas veces la capital concentra tanto en tan pocas semanas por lo que tener un concierge en Madrid puede cambiarlo todo. Este septiembre, contar con un asistente para tus gestiones es fundamental.<\/p>\n","protected":false},"author":4,"featured_media":5271,"comment_status":"closed","ping_status":"open","sticky":false,"template":"","format":"standard","meta":{"footnotes":""},"categories":[47,53,55],"tags":[],"class_list":["post-5270","post","type-post","status-publish","format-standard","has-post-thumbnail","hentry","category-concierge-service","category-private-transportation-madrid","category-transporte-vip"],"yoast_head":"<!-- This site is optimized with the Yoast SEO plugin v28.4 - https:\/\/yoast.com\/product\/yoast-seo-wordpress\/ -->\n<title>Madrid a m\u00e1xima velocidad: transporte y concierge en Madrid para la F\u00f3rmula 1, las citas con la moda y los grandes encuentros corporativos - Aurum Experience - Concierge Services in Spain<\/title>\n<meta name=\"description\" content=\"Contacta con nuestro equipo para gestionar los servicios de concierge y alquiler de coche con conductor en Madrid para este mes de septiembre.\" \/>\n<meta name=\"robots\" content=\"index, follow, max-snippet:-1, max-image-preview:large, max-video-preview:-1\" \/>\n<link rel=\"canonical\" href=\"https:\/\/aurumexperience.com\/es\/alquiler-de-coche-con-conductor-en-madrid\/\" \/>\n<meta property=\"og:locale\" content=\"es_ES\" \/>\n<meta property=\"og:type\" content=\"article\" \/>\n<meta property=\"og:title\" content=\"Madrid a m\u00e1xima velocidad: transporte y concierge en Madrid para la F\u00f3rmula 1, las citas con la moda y los grandes encuentros corporativos - Aurum Experience - Concierge Services in Spain\" \/>\n<meta property=\"og:description\" content=\"Contacta con nuestro equipo para gestionar los servicios de concierge y alquiler de coche con conductor en Madrid para este mes de septiembre.\" \/>\n<meta property=\"og:url\" content=\"https:\/\/aurumexperience.com\/es\/alquiler-de-coche-con-conductor-en-madrid\/\" \/>\n<meta property=\"og:site_name\" content=\"Aurum Experience - Concierge Services in Spain\" \/>\n<meta property=\"article:published_time\" content=\"2026-09-02T10:55:32+00:00\" \/>\n<meta property=\"article:modified_time\" content=\"2026-09-02T11:35:09+00:00\" \/>\n<meta property=\"og:image\" content=\"https:\/\/aurumexperience.com\/wp-content\/uploads\/2026\/09\/transport-and-concierge-in-madrid-for-formula-1-alex-azabache-unsplash-scaled.jpg\" \/>\n\t<meta property=\"og:image:width\" content=\"2560\" \/>\n\t<meta property=\"og:image:height\" content=\"1707\" \/>\n\t<meta property=\"og:image:type\" content=\"image\/jpeg\" \/>\n<meta name=\"author\" content=\"Nuria Barbara Pujol\" \/>\n<meta name=\"twitter:card\" content=\"summary_large_image\" \/>\n<meta name=\"twitter:label1\" content=\"Escrito por\" \/>\n\t<meta name=\"twitter:data1\" content=\"Nuria Barbara Pujol\" \/>\n\t<meta name=\"twitter:label2\" content=\"Tiempo de lectura\" \/>\n\t<meta name=\"twitter:data2\" content=\"6 minutos\" \/>\n<script type=\"application\/ld+json\" class=\"yoast-schema-graph\">{\"@context\":\"https:\\\/\\\/schema.org\",\"@graph\":[{\"@type\":\"Article\",\"@id\":\"https:\\\/\\\/aurumexperience.com\\\/es\\\/alquiler-de-coche-con-conductor-en-madrid\\\/#article\",\"isPartOf\":{\"@id\":\"https:\\\/\\\/aurumexperience.com\\\/es\\\/alquiler-de-coche-con-conductor-en-madrid\\\/\"},\"author\":{\"name\":\"Nuria Barbara Pujol\",\"@id\":\"https:\\\/\\\/aurumexperience.com\\\/es\\\/#\\\/schema\\\/person\\\/26ff49c9240c25e0630a3b810154298c\"},\"headline\":\"Madrid a m\u00e1xima velocidad: transporte y concierge en Madrid para la F\u00f3rmula 1, las citas con la moda y los grandes encuentros corporativos\",\"datePublished\":\"2026-09-02T10:55:32+00:00\",\"dateModified\":\"2026-09-02T11:35:09+00:00\",\"mainEntityOfPage\":{\"@id\":\"https:\\\/\\\/aurumexperience.com\\\/es\\\/alquiler-de-coche-con-conductor-en-madrid\\\/\"},\"wordCount\":1240,\"publisher\":{\"@id\":\"https:\\\/\\\/aurumexperience.com\\\/es\\\/#organization\"},\"image\":{\"@id\":\"https:\\\/\\\/aurumexperience.com\\\/es\\\/alquiler-de-coche-con-conductor-en-madrid\\\/#primaryimage\"},\"thumbnailUrl\":\"https:\\\/\\\/aurumexperience.com\\\/wp-content\\\/uploads\\\/2026\\\/09\\\/transport-and-concierge-in-madrid-for-formula-1-alex-azabache-unsplash-scaled.jpg\",\"articleSection\":[\"Concierge Service\",\"Private Transportation Madrid\",\"Transporte VIP\"],\"inLanguage\":\"es\"},{\"@type\":\"WebPage\",\"@id\":\"https:\\\/\\\/aurumexperience.com\\\/es\\\/alquiler-de-coche-con-conductor-en-madrid\\\/\",\"url\":\"https:\\\/\\\/aurumexperience.com\\\/es\\\/alquiler-de-coche-con-conductor-en-madrid\\\/\",\"name\":\"Madrid a m\u00e1xima velocidad: transporte y concierge en Madrid para la F\u00f3rmula 1, las citas con la moda y los grandes encuentros corporativos - Aurum Experience - Concierge Services in Spain\",\"isPartOf\":{\"@id\":\"https:\\\/\\\/aurumexperience.com\\\/es\\\/#website\"},\"primaryImageOfPage\":{\"@id\":\"https:\\\/\\\/aurumexperience.com\\\/es\\\/alquiler-de-coche-con-conductor-en-madrid\\\/#primaryimage\"},\"image\":{\"@id\":\"https:\\\/\\\/aurumexperience.com\\\/es\\\/alquiler-de-coche-con-conductor-en-madrid\\\/#primaryimage\"},\"thumbnailUrl\":\"https:\\\/\\\/aurumexperience.com\\\/wp-content\\\/uploads\\\/2026\\\/09\\\/transport-and-concierge-in-madrid-for-formula-1-alex-azabache-unsplash-scaled.jpg\",\"datePublished\":\"2026-09-02T10:55:32+00:00\",\"dateModified\":\"2026-09-02T11:35:09+00:00\",\"description\":\"Contacta con nuestro equipo para gestionar los servicios de concierge y alquiler de coche con conductor en Madrid para este mes de septiembre.\",\"breadcrumb\":{\"@id\":\"https:\\\/\\\/aurumexperience.com\\\/es\\\/alquiler-de-coche-con-conductor-en-madrid\\\/#breadcrumb\"},\"inLanguage\":\"es\",\"potentialAction\":[{\"@type\":\"ReadAction\",\"target\":[\"https:\\\/\\\/aurumexperience.com\\\/es\\\/alquiler-de-coche-con-conductor-en-madrid\\\/\"]}]},{\"@type\":\"ImageObject\",\"inLanguage\":\"es\",\"@id\":\"https:\\\/\\\/aurumexperience.com\\\/es\\\/alquiler-de-coche-con-conductor-en-madrid\\\/#primaryimage\",\"url\":\"https:\\\/\\\/aurumexperience.com\\\/wp-content\\\/uploads\\\/2026\\\/09\\\/transport-and-concierge-in-madrid-for-formula-1-alex-azabache-unsplash-scaled.jpg\",\"contentUrl\":\"https:\\\/\\\/aurumexperience.com\\\/wp-content\\\/uploads\\\/2026\\\/09\\\/transport-and-concierge-in-madrid-for-formula-1-alex-azabache-unsplash-scaled.jpg\",\"width\":2560,\"height\":1707,\"caption\":\"Gran Via Madrid\"},{\"@type\":\"BreadcrumbList\",\"@id\":\"https:\\\/\\\/aurumexperience.com\\\/es\\\/alquiler-de-coche-con-conductor-en-madrid\\\/#breadcrumb\",\"itemListElement\":[{\"@type\":\"ListItem\",\"position\":1,\"name\":\"Home\",\"item\":\"https:\\\/\\\/aurumexperience.com\\\/es\\\/\"},{\"@type\":\"ListItem\",\"position\":2,\"name\":\"Madrid a m\u00e1xima velocidad: transporte y concierge en Madrid para la F\u00f3rmula 1, las citas con la moda y los grandes encuentros corporativos\"}]},{\"@type\":\"WebSite\",\"@id\":\"https:\\\/\\\/aurumexperience.com\\\/es\\\/#website\",\"url\":\"https:\\\/\\\/aurumexperience.com\\\/es\\\/\",\"name\":\"Aurum Experience - Concierge Services in Spain\",\"description\":\"Concierge Services and VIP Transportation in Spain\",\"publisher\":{\"@id\":\"https:\\\/\\\/aurumexperience.com\\\/es\\\/#organization\"},\"potentialAction\":[{\"@type\":\"SearchAction\",\"target\":{\"@type\":\"EntryPoint\",\"urlTemplate\":\"https:\\\/\\\/aurumexperience.com\\\/es\\\/?s={search_term_string}\"},\"query-input\":{\"@type\":\"PropertyValueSpecification\",\"valueRequired\":true,\"valueName\":\"search_term_string\"}}],\"inLanguage\":\"es\"},{\"@type\":\"Organization\",\"@id\":\"https:\\\/\\\/aurumexperience.com\\\/es\\\/#organization\",\"name\":\"Aurum Experience - Concierge Services in Spain\",\"url\":\"https:\\\/\\\/aurumexperience.com\\\/es\\\/\",\"logo\":{\"@type\":\"ImageObject\",\"inLanguage\":\"es\",\"@id\":\"https:\\\/\\\/aurumexperience.com\\\/es\\\/#\\\/schema\\\/logo\\\/image\\\/\",\"url\":\"https:\\\/\\\/aurumexperience.com\\\/wp-content\\\/uploads\\\/2022\\\/03\\\/AURUM_experience_Logo.png\",\"contentUrl\":\"https:\\\/\\\/aurumexperience.com\\\/wp-content\\\/uploads\\\/2022\\\/03\\\/AURUM_experience_Logo.png\",\"width\":350,\"height\":113,\"caption\":\"Aurum Experience - Concierge Services in Spain\"},\"image\":{\"@id\":\"https:\\\/\\\/aurumexperience.com\\\/es\\\/#\\\/schema\\\/logo\\\/image\\\/\"}},{\"@type\":\"Person\",\"@id\":\"https:\\\/\\\/aurumexperience.com\\\/es\\\/#\\\/schema\\\/person\\\/26ff49c9240c25e0630a3b810154298c\",\"name\":\"Nuria Barbara Pujol\",\"url\":\"https:\\\/\\\/aurumexperience.com\\\/es\\\/author\\\/cristian_np\\\/\"}]}<\/script>\n<!-- \/ Yoast SEO plugin. -->","yoast_head_json":{"title":"Madrid a m\u00e1xima velocidad: transporte y concierge en Madrid para la F\u00f3rmula 1, las citas con la moda y los grandes encuentros corporativos - Aurum Experience - Concierge Services in Spain","description":"Contacta con nuestro equipo para gestionar los servicios de concierge y alquiler de coche con conductor en Madrid para este mes de septiembre.","robots":{"index":"index","follow":"follow","max-snippet":"max-snippet:-1","max-image-preview":"max-image-preview:large","max-video-preview":"max-video-preview:-1"},"canonical":"https:\/\/aurumexperience.com\/es\/alquiler-de-coche-con-conductor-en-madrid\/","og_locale":"es_ES","og_type":"article","og_title":"Madrid a m\u00e1xima velocidad: transporte y concierge en Madrid para la F\u00f3rmula 1, las citas con la moda y los grandes encuentros corporativos - Aurum Experience - Concierge Services in Spain","og_description":"Contacta con nuestro equipo para gestionar los servicios de concierge y alquiler de coche con conductor en Madrid para este mes de septiembre.","og_url":"https:\/\/aurumexperience.com\/es\/alquiler-de-coche-con-conductor-en-madrid\/","og_site_name":"Aurum Experience - Concierge Services in Spain","article_published_time":"2026-09-02T10:55:32+00:00","article_modified_time":"2026-09-02T11:35:09+00:00","og_image":[{"width":2560,"height":1707,"url":"https:\/\/aurumexperience.com\/wp-content\/uploads\/2026\/09\/transport-and-concierge-in-madrid-for-formula-1-alex-azabache-unsplash-scaled.jpg","type":"image\/jpeg"}],"author":"Nuria Barbara Pujol","twitter_card":"summary_large_image","twitter_misc":{"Escrito por":"Nuria Barbara Pujol","Tiempo de lectura":"6 minutos"},"schema":{"@context":"https:\/\/schema.org","@graph":[{"@type":"Article","@id":"https:\/\/aurumexperience.com\/es\/alquiler-de-coche-con-conductor-en-madrid\/#article","isPartOf":{"@id":"https:\/\/aurumexperience.com\/es\/alquiler-de-coche-con-conductor-en-madrid\/"},"author":{"name":"Nuria Barbara Pujol","@id":"https:\/\/aurumexperience.com\/es\/#\/schema\/person\/26ff49c9240c25e0630a3b810154298c"},"headline":"Madrid a m\u00e1xima velocidad: transporte y concierge en Madrid para la F\u00f3rmula 1, las citas con la moda y los grandes encuentros corporativos","datePublished":"2026-09-02T10:55:32+00:00","dateModified":"2026-09-02T11:35:09+00:00","mainEntityOfPage":{"@id":"https:\/\/aurumexperience.com\/es\/alquiler-de-coche-con-conductor-en-madrid\/"},"wordCount":1240,"publisher":{"@id":"https:\/\/aurumexperience.com\/es\/#organization"},"image":{"@id":"https:\/\/aurumexperience.com\/es\/alquiler-de-coche-con-conductor-en-madrid\/#primaryimage"},"thumbnailUrl":"https:\/\/aurumexperience.com\/wp-content\/uploads\/2026\/09\/transport-and-concierge-in-madrid-for-formula-1-alex-azabache-unsplash-scaled.jpg","articleSection":["Concierge Service","Private Transportation Madrid","Transporte VIP"],"inLanguage":"es"},{"@type":"WebPage","@id":"https:\/\/aurumexperience.com\/es\/alquiler-de-coche-con-conductor-en-madrid\/","url":"https:\/\/aurumexperience.com\/es\/alquiler-de-coche-con-conductor-en-madrid\/","name":"Madrid a m\u00e1xima velocidad: transporte y concierge en Madrid para la F\u00f3rmula 1, las citas con la moda y los grandes encuentros corporativos - Aurum Experience - Concierge Services in Spain","isPartOf":{"@id":"https:\/\/aurumexperience.com\/es\/#website"},"primaryImageOfPage":{"@id":"https:\/\/aurumexperience.com\/es\/alquiler-de-coche-con-conductor-en-madrid\/#primaryimage"},"image":{"@id":"https:\/\/aurumexperience.com\/es\/alquiler-de-coche-con-conductor-en-madrid\/#primaryimage"},"thumbnailUrl":"https:\/\/aurumexperience.com\/wp-content\/uploads\/2026\/09\/transport-and-concierge-in-madrid-for-formula-1-alex-azabache-unsplash-scaled.jpg","datePublished":"2026-09-02T10:55:32+00:00","dateModified":"2026-09-02T11:35:09+00:00","description":"Contacta con nuestro equipo para gestionar los servicios de concierge y alquiler de coche con conductor en Madrid para este mes de septiembre.","breadcrumb":{"@id":"https:\/\/aurumexperience.com\/es\/alquiler-de-coche-con-conductor-en-madrid\/#breadcrumb"},"inLanguage":"es","potentialAction":[{"@type":"ReadAction","target":["https:\/\/aurumexperience.com\/es\/alquiler-de-coche-con-conductor-en-madrid\/"]}]},{"@type":"ImageObject","inLanguage":"es","@id":"https:\/\/aurumexperience.com\/es\/alquiler-de-coche-con-conductor-en-madrid\/#primaryimage","url":"https:\/\/aurumexperience.com\/wp-content\/uploads\/2026\/09\/transport-and-concierge-in-madrid-for-formula-1-alex-azabache-unsplash-scaled.jpg","contentUrl":"https:\/\/aurumexperience.com\/wp-content\/uploads\/2026\/09\/transport-and-concierge-in-madrid-for-formula-1-alex-azabache-unsplash-scaled.jpg","width":2560,"height":1707,"caption":"Gran Via Madrid"},{"@type":"BreadcrumbList","@id":"https:\/\/aurumexperience.com\/es\/alquiler-de-coche-con-conductor-en-madrid\/#breadcrumb","itemListElement":[{"@type":"ListItem","position":1,"name":"Home","item":"https:\/\/aurumexperience.com\/es\/"},{"@type":"ListItem","position":2,"name":"Madrid a m\u00e1xima velocidad: transporte y concierge en Madrid para la F\u00f3rmula 1, las citas con la moda y los grandes encuentros corporativos"}]},{"@type":"WebSite","@id":"https:\/\/aurumexperience.com\/es\/#website","url":"https:\/\/aurumexperience.com\/es\/","name":"Aurum Experience - Concierge Services in Spain","description":"Concierge Services and VIP Transportation in Spain","publisher":{"@id":"https:\/\/aurumexperience.com\/es\/#organization"},"potentialAction":[{"@type":"SearchAction","target":{"@type":"EntryPoint","urlTemplate":"https:\/\/aurumexperience.com\/es\/?s={search_term_string}"},"query-input":{"@type":"PropertyValueSpecification","valueRequired":true,"valueName":"search_term_string"}}],"inLanguage":"es"},{"@type":"Organization","@id":"https:\/\/aurumexperience.com\/es\/#organization","name":"Aurum Experience - Concierge Services in Spain","url":"https:\/\/aurumexperience.com\/es\/","logo":{"@type":"ImageObject","inLanguage":"es","@id":"https:\/\/aurumexperience.com\/es\/#\/schema\/logo\/image\/","url":"https:\/\/aurumexperience.com\/wp-content\/uploads\/2022\/03\/AURUM_experience_Logo.png","contentUrl":"https:\/\/aurumexperience.com\/wp-content\/uploads\/2022\/03\/AURUM_experience_Logo.png","width":350,"height":113,"caption":"Aurum Experience - Concierge Services in Spain"},"image":{"@id":"https:\/\/aurumexperience.com\/es\/#\/schema\/logo\/image\/"}},{"@type":"Person","@id":"https:\/\/aurumexperience.com\/es\/#\/schema\/person\/26ff49c9240c25e0630a3b810154298c","name":"Nuria Barbara Pujol","url":"https:\/\/aurumexperience.com\/es\/author\/cristian_np\/"}]}},"_links":{"self":[{"href":"https:\/\/aurumexperience.com\/es\/wp-json\/wp\/v2\/posts\/5270","targetHints":{"allow":["GET"]}}],"collection":[{"href":"https:\/\/aurumexperience.com\/es\/wp-json\/wp\/v2\/posts"}],"about":[{"href":"https:\/\/aurumexperience.com\/es\/wp-json\/wp\/v2\/types\/post"}],"author":[{"embeddable":true,"href":"https:\/\/aurumexperience.com\/es\/wp-json\/wp\/v2\/users\/4"}],"replies":[{"embeddable":true,"href":"https:\/\/aurumexperience.com\/es\/wp-json\/wp\/v2\/comments?post=5270"}],"version-history":[{"count":5,"href":"https:\/\/aurumexperience.com\/es\/wp-json\/wp\/v2\/posts\/5270\/revisions"}],"predecessor-version":[{"id":5280,"href":"https:\/\/aurumexperience.com\/es\/wp-json\/wp\/v2\/posts\/5270\/revisions\/5280"}],"wp:featuredmedia":[{"embeddable":true,"href":"https:\/\/aurumexperience.com\/es\/wp-json\/wp\/v2\/media\/5271"}],"wp:attachment":[{"href":"https:\/\/aurumexperience.com\/es\/wp-json\/wp\/v2\/media?parent=5270"}],"wp:term":[{"taxonomy":"category","embeddable":true,"href":"https:\/\/aurumexperience.com\/es\/wp-json\/wp\/v2\/categories?post=5270"},{"taxonomy":"post_tag","embeddable":true,"href":"https:\/\/aurumexperience.com\/es\/wp-json\/wp\/v2\/tags?post=5270"}],"curies":[{"name":"wp","href":"https:\/\/api.w.org\/{rel}","templated":true}]}}