{"id":1767,"date":"2023-02-13T13:37:51","date_gmt":"2023-02-13T13:37:51","guid":{"rendered":"https:\/\/www.aurumexperience.com\/?p=1767"},"modified":"2023-02-13T13:37:51","modified_gmt":"2023-02-13T13:37:51","slug":"transporte-privado-barcelona-mucho-mas-que-un-chofer-durante-la-mwc-2023","status":"publish","type":"post","link":"https:\/\/aurumexperience.com\/es\/transporte-privado-barcelona-mucho-mas-que-un-chofer-durante-la-mwc-2023\/","title":{"rendered":"Transporte privado Barcelona: mucho m\u00e1s que un ch\u00f3fer durante la MWC 2023"},"content":{"rendered":"<p>Como especialistas en <a href=\"https:\/\/www.aurumexperience.com\/es\/\"><strong>transporte privado Barcelona<\/strong><\/a> sabemos que el evento m\u00e1s importante del a\u00f1o, <strong>Mobile World Congress (MWC)<\/strong> no se desarrolla \u00fanicamente en el recinto de la Fira. Entre el 27 de febrero y el 2 de marzo de 2023 se mueven muchas actividades de forma paralela que permiten establecer alianzas o cerrar negocios. Con el evento tecnol\u00f3gico m\u00e1s grande del mundo como tel\u00f3n de fondo, la ciudad ofrece una completa agenda cultural, deportiva y de ocio y quienes visitan la capital catalana por estos d\u00edas saben lo importante que es estar en el momento y el sitio adecuados para hacer buenos contactos personales y comerciales.<\/p>\n<p>Llegar puntualmente a cada cita va mucho m\u00e1s all\u00e1 de conseguir un taxi a tiempo. Con un coche de alta gama a tu disposici\u00f3n, puedes centrarte en lo que realmente importa: preparar documentaci\u00f3n, responder mails, atender llamadas, concertar citas, revisar la agenda del d\u00eda\u2026 Un <a href=\"https:\/\/www.aurumexperience.com\/es\/servicios-de-transporte-privado-con-conductor-barcelona-madrid-marbella-ibiza\/\"><strong>chauffeur Barcelona<\/strong><\/a> te lleva con profesionalidad all\u00e1 donde lo necesitas y te brinda la tranquilidad necesaria para cumplir con todos tus compromisos sin p\u00e9rdida de tiempo. Elige entre veh\u00edculos Mercedes E class, Mercedes V Class, Mercedes S Class o Sprinterte, entre otros, el que mejor encaje contigo y mu\u00e9vete c\u00f3modamente por la ciudad.<\/p>\n<p>Desde que llegas al aeropuerto de Barcelona, tienes transporte VIP para ti y puedes establecer una relaci\u00f3n cercana con el conductor porque habla tu mismo idioma. Adem\u00e1s, la opci\u00f3n de servicio personalizado te permite delegar tareas y hacer peticiones particulares durante tu estancia en la ciudad. Especializados en concierge services, en Aurum Experience hacemos de tu visita al MWC 2023 una experiencia personalizada y a medida. Tanto si requieres una reserva de restaurante como si quieres que vayamos de compras por ti, puedes dejarlo todo en nuestras manos. El abanico de posibilidades es tan amplio como tus expectativas, as\u00ed que solo tienes que indicarnos lo que necesitas y un personal assistant se encargar\u00e1 de todo.<\/p>\n<p>En un evento tan multitudinario como el Mobile World Congress que este a\u00f1o espera a 100.000 asistentes sabemos que el tiempo es el valor m\u00e1s preciado y por eso nuestro servicio de <strong>transporte privado Barcelona<\/strong> te har\u00e1 ganar m\u00e1s horas de las que piensas. <a href=\"https:\/\/www.aurumexperience.com\/es\/transporte-vip-viaja-como-mereces\/\"><strong>Transporte VIP<\/strong><\/a> como punto de partida de un completo cat\u00e1logo que podemos desplegar para ti antes, durante y despu\u00e9s de la cita tecnol\u00f3gica del a\u00f1o.<\/p>\n","protected":false},"excerpt":{"rendered":"<p>Como especialistas en transporte privado Barcelona sabemos que el evento m\u00e1s importante del a\u00f1o, Mobile World Congress (MWC) no se desarrolla \u00fanicamente en el recinto de la Fira. Entre el 27 de febrero y el 2 de marzo de 2023 se mueven muchas actividades de forma paralela que permiten establecer alianzas o cerrar negocios. Con [&hellip;]<\/p>\n","protected":false},"author":1,"featured_media":3978,"comment_status":"open","ping_status":"open","sticky":false,"template":"","format":"standard","meta":{"footnotes":""},"categories":[44],"tags":[],"class_list":["post-1767","post","type-post","status-publish","format-standard","has-post-thumbnail","hentry","category-transporte-es-2"],"yoast_head":"<!-- This site is optimized with the Yoast SEO plugin v28.4 - https:\/\/yoast.com\/product\/yoast-seo-wordpress\/ -->\n<title>Transporte privado Barcelona: m\u00e1s que un ch\u00f3fer durante la MWC 2023<\/title>\n<meta name=\"description\" content=\"Como especialistas en transporte privado Barcelona te ofrecemos un completo servicio para tu asistencia al MWC 2023.\" \/>\n<meta name=\"robots\" content=\"index, follow, max-snippet:-1, max-image-preview:large, max-video-preview:-1\" \/>\n<link rel=\"canonical\" href=\"https:\/\/aurumexperience.com\/es\/transporte-privado-barcelona-mucho-mas-que-un-chofer-durante-la-mwc-2023\/\" \/>\n<meta property=\"og:locale\" content=\"es_ES\" \/>\n<meta property=\"og:type\" content=\"article\" \/>\n<meta property=\"og:title\" content=\"Transporte privado Barcelona: m\u00e1s que un ch\u00f3fer durante la MWC 2023\" \/>\n<meta property=\"og:description\" content=\"Como especialistas en transporte privado Barcelona te ofrecemos un completo servicio para tu asistencia al MWC 2023.\" \/>\n<meta property=\"og:url\" content=\"https:\/\/aurumexperience.com\/es\/transporte-privado-barcelona-mucho-mas-que-un-chofer-durante-la-mwc-2023\/\" \/>\n<meta property=\"og:site_name\" content=\"Aurum Experience - Concierge Services in Spain\" \/>\n<meta property=\"article:published_time\" content=\"2023-02-13T13:37:51+00:00\" \/>\n<meta property=\"og:image\" content=\"https:\/\/aurumexperience.com\/wp-content\/uploads\/2023\/03\/private-transportation-barcelona-mwc-2023-aurum-experience-1.png\" \/>\n\t<meta property=\"og:image:width\" content=\"970\" \/>\n\t<meta property=\"og:image:height\" content=\"704\" \/>\n\t<meta property=\"og:image:type\" content=\"image\/png\" \/>\n<meta name=\"author\" content=\"Aurum Experience\" \/>\n<meta name=\"twitter:card\" content=\"summary_large_image\" \/>\n<meta name=\"twitter:label1\" content=\"Escrito por\" \/>\n\t<meta name=\"twitter:data1\" content=\"Aurum Experience\" \/>\n\t<meta name=\"twitter:label2\" content=\"Tiempo de lectura\" \/>\n\t<meta name=\"twitter:data2\" content=\"2 minutos\" \/>\n<script type=\"application\/ld+json\" class=\"yoast-schema-graph\">{\"@context\":\"https:\\\/\\\/schema.org\",\"@graph\":[{\"@type\":\"Article\",\"@id\":\"https:\\\/\\\/aurumexperience.com\\\/es\\\/transporte-privado-barcelona-mucho-mas-que-un-chofer-durante-la-mwc-2023\\\/#article\",\"isPartOf\":{\"@id\":\"https:\\\/\\\/aurumexperience.com\\\/es\\\/transporte-privado-barcelona-mucho-mas-que-un-chofer-durante-la-mwc-2023\\\/\"},\"author\":{\"name\":\"Aurum Experience\",\"@id\":\"https:\\\/\\\/aurumexperience.com\\\/es\\\/#\\\/schema\\\/person\\\/430182b971c820a0bbeed97345abd8b9\"},\"headline\":\"Transporte privado Barcelona: mucho m\u00e1s que un ch\u00f3fer durante la MWC 2023\",\"datePublished\":\"2023-02-13T13:37:51+00:00\",\"mainEntityOfPage\":{\"@id\":\"https:\\\/\\\/aurumexperience.com\\\/es\\\/transporte-privado-barcelona-mucho-mas-que-un-chofer-durante-la-mwc-2023\\\/\"},\"wordCount\":420,\"commentCount\":0,\"publisher\":{\"@id\":\"https:\\\/\\\/aurumexperience.com\\\/es\\\/#organization\"},\"image\":{\"@id\":\"https:\\\/\\\/aurumexperience.com\\\/es\\\/transporte-privado-barcelona-mucho-mas-que-un-chofer-durante-la-mwc-2023\\\/#primaryimage\"},\"thumbnailUrl\":\"https:\\\/\\\/aurumexperience.com\\\/wp-content\\\/uploads\\\/2023\\\/03\\\/private-transportation-barcelona-mwc-2023-aurum-experience-1.png\",\"articleSection\":[\"Transporte\"],\"inLanguage\":\"es\",\"potentialAction\":[{\"@type\":\"CommentAction\",\"name\":\"Comment\",\"target\":[\"https:\\\/\\\/aurumexperience.com\\\/es\\\/transporte-privado-barcelona-mucho-mas-que-un-chofer-durante-la-mwc-2023\\\/#respond\"]}]},{\"@type\":\"WebPage\",\"@id\":\"https:\\\/\\\/aurumexperience.com\\\/es\\\/transporte-privado-barcelona-mucho-mas-que-un-chofer-durante-la-mwc-2023\\\/\",\"url\":\"https:\\\/\\\/aurumexperience.com\\\/es\\\/transporte-privado-barcelona-mucho-mas-que-un-chofer-durante-la-mwc-2023\\\/\",\"name\":\"Transporte privado Barcelona: m\u00e1s que un ch\u00f3fer durante la MWC 2023\",\"isPartOf\":{\"@id\":\"https:\\\/\\\/aurumexperience.com\\\/es\\\/#website\"},\"primaryImageOfPage\":{\"@id\":\"https:\\\/\\\/aurumexperience.com\\\/es\\\/transporte-privado-barcelona-mucho-mas-que-un-chofer-durante-la-mwc-2023\\\/#primaryimage\"},\"image\":{\"@id\":\"https:\\\/\\\/aurumexperience.com\\\/es\\\/transporte-privado-barcelona-mucho-mas-que-un-chofer-durante-la-mwc-2023\\\/#primaryimage\"},\"thumbnailUrl\":\"https:\\\/\\\/aurumexperience.com\\\/wp-content\\\/uploads\\\/2023\\\/03\\\/private-transportation-barcelona-mwc-2023-aurum-experience-1.png\",\"datePublished\":\"2023-02-13T13:37:51+00:00\",\"description\":\"Como especialistas en transporte privado Barcelona te ofrecemos un completo servicio para tu asistencia al MWC 2023.\",\"breadcrumb\":{\"@id\":\"https:\\\/\\\/aurumexperience.com\\\/es\\\/transporte-privado-barcelona-mucho-mas-que-un-chofer-durante-la-mwc-2023\\\/#breadcrumb\"},\"inLanguage\":\"es\",\"potentialAction\":[{\"@type\":\"ReadAction\",\"target\":[\"https:\\\/\\\/aurumexperience.com\\\/es\\\/transporte-privado-barcelona-mucho-mas-que-un-chofer-durante-la-mwc-2023\\\/\"]}]},{\"@type\":\"ImageObject\",\"inLanguage\":\"es\",\"@id\":\"https:\\\/\\\/aurumexperience.com\\\/es\\\/transporte-privado-barcelona-mucho-mas-que-un-chofer-durante-la-mwc-2023\\\/#primaryimage\",\"url\":\"https:\\\/\\\/aurumexperience.com\\\/wp-content\\\/uploads\\\/2023\\\/03\\\/private-transportation-barcelona-mwc-2023-aurum-experience-1.png\",\"contentUrl\":\"https:\\\/\\\/aurumexperience.com\\\/wp-content\\\/uploads\\\/2023\\\/03\\\/private-transportation-barcelona-mwc-2023-aurum-experience-1.png\",\"width\":970,\"height\":704},{\"@type\":\"BreadcrumbList\",\"@id\":\"https:\\\/\\\/aurumexperience.com\\\/es\\\/transporte-privado-barcelona-mucho-mas-que-un-chofer-durante-la-mwc-2023\\\/#breadcrumb\",\"itemListElement\":[{\"@type\":\"ListItem\",\"position\":1,\"name\":\"Home\",\"item\":\"https:\\\/\\\/aurumexperience.com\\\/es\\\/\"},{\"@type\":\"ListItem\",\"position\":2,\"name\":\"Transporte privado Barcelona: mucho m\u00e1s que un ch\u00f3fer durante la MWC 2023\"}]},{\"@type\":\"WebSite\",\"@id\":\"https:\\\/\\\/aurumexperience.com\\\/es\\\/#website\",\"url\":\"https:\\\/\\\/aurumexperience.com\\\/es\\\/\",\"name\":\"Aurum Experience - Concierge Services in Spain\",\"description\":\"Concierge Services and VIP Transportation in Spain\",\"publisher\":{\"@id\":\"https:\\\/\\\/aurumexperience.com\\\/es\\\/#organization\"},\"potentialAction\":[{\"@type\":\"SearchAction\",\"target\":{\"@type\":\"EntryPoint\",\"urlTemplate\":\"https:\\\/\\\/aurumexperience.com\\\/es\\\/?s={search_term_string}\"},\"query-input\":{\"@type\":\"PropertyValueSpecification\",\"valueRequired\":true,\"valueName\":\"search_term_string\"}}],\"inLanguage\":\"es\"},{\"@type\":\"Organization\",\"@id\":\"https:\\\/\\\/aurumexperience.com\\\/es\\\/#organization\",\"name\":\"Aurum Experience - Concierge Services in Spain\",\"url\":\"https:\\\/\\\/aurumexperience.com\\\/es\\\/\",\"logo\":{\"@type\":\"ImageObject\",\"inLanguage\":\"es\",\"@id\":\"https:\\\/\\\/aurumexperience.com\\\/es\\\/#\\\/schema\\\/logo\\\/image\\\/\",\"url\":\"https:\\\/\\\/aurumexperience.com\\\/wp-content\\\/uploads\\\/2022\\\/03\\\/AURUM_experience_Logo.png\",\"contentUrl\":\"https:\\\/\\\/aurumexperience.com\\\/wp-content\\\/uploads\\\/2022\\\/03\\\/AURUM_experience_Logo.png\",\"width\":350,\"height\":113,\"caption\":\"Aurum Experience - Concierge Services in Spain\"},\"image\":{\"@id\":\"https:\\\/\\\/aurumexperience.com\\\/es\\\/#\\\/schema\\\/logo\\\/image\\\/\"}},{\"@type\":\"Person\",\"@id\":\"https:\\\/\\\/aurumexperience.com\\\/es\\\/#\\\/schema\\\/person\\\/430182b971c820a0bbeed97345abd8b9\",\"name\":\"Aurum Experience\",\"sameAs\":[\"https:\\\/\\\/2022site.aurumexperience.com\"],\"url\":\"https:\\\/\\\/aurumexperience.com\\\/es\\\/author\\\/norapierre\\\/\"}]}<\/script>\n<!-- \/ Yoast SEO plugin. -->","yoast_head_json":{"title":"Transporte privado Barcelona: m\u00e1s que un ch\u00f3fer durante la MWC 2023","description":"Como especialistas en transporte privado Barcelona te ofrecemos un completo servicio para tu asistencia al MWC 2023.","robots":{"index":"index","follow":"follow","max-snippet":"max-snippet:-1","max-image-preview":"max-image-preview:large","max-video-preview":"max-video-preview:-1"},"canonical":"https:\/\/aurumexperience.com\/es\/transporte-privado-barcelona-mucho-mas-que-un-chofer-durante-la-mwc-2023\/","og_locale":"es_ES","og_type":"article","og_title":"Transporte privado Barcelona: m\u00e1s que un ch\u00f3fer durante la MWC 2023","og_description":"Como especialistas en transporte privado Barcelona te ofrecemos un completo servicio para tu asistencia al MWC 2023.","og_url":"https:\/\/aurumexperience.com\/es\/transporte-privado-barcelona-mucho-mas-que-un-chofer-durante-la-mwc-2023\/","og_site_name":"Aurum Experience - Concierge Services in Spain","article_published_time":"2023-02-13T13:37:51+00:00","og_image":[{"width":970,"height":704,"url":"https:\/\/aurumexperience.com\/wp-content\/uploads\/2023\/03\/private-transportation-barcelona-mwc-2023-aurum-experience-1.png","type":"image\/png"}],"author":"Aurum Experience","twitter_card":"summary_large_image","twitter_misc":{"Escrito por":"Aurum Experience","Tiempo de lectura":"2 minutos"},"schema":{"@context":"https:\/\/schema.org","@graph":[{"@type":"Article","@id":"https:\/\/aurumexperience.com\/es\/transporte-privado-barcelona-mucho-mas-que-un-chofer-durante-la-mwc-2023\/#article","isPartOf":{"@id":"https:\/\/aurumexperience.com\/es\/transporte-privado-barcelona-mucho-mas-que-un-chofer-durante-la-mwc-2023\/"},"author":{"name":"Aurum Experience","@id":"https:\/\/aurumexperience.com\/es\/#\/schema\/person\/430182b971c820a0bbeed97345abd8b9"},"headline":"Transporte privado Barcelona: mucho m\u00e1s que un ch\u00f3fer durante la MWC 2023","datePublished":"2023-02-13T13:37:51+00:00","mainEntityOfPage":{"@id":"https:\/\/aurumexperience.com\/es\/transporte-privado-barcelona-mucho-mas-que-un-chofer-durante-la-mwc-2023\/"},"wordCount":420,"commentCount":0,"publisher":{"@id":"https:\/\/aurumexperience.com\/es\/#organization"},"image":{"@id":"https:\/\/aurumexperience.com\/es\/transporte-privado-barcelona-mucho-mas-que-un-chofer-durante-la-mwc-2023\/#primaryimage"},"thumbnailUrl":"https:\/\/aurumexperience.com\/wp-content\/uploads\/2023\/03\/private-transportation-barcelona-mwc-2023-aurum-experience-1.png","articleSection":["Transporte"],"inLanguage":"es","potentialAction":[{"@type":"CommentAction","name":"Comment","target":["https:\/\/aurumexperience.com\/es\/transporte-privado-barcelona-mucho-mas-que-un-chofer-durante-la-mwc-2023\/#respond"]}]},{"@type":"WebPage","@id":"https:\/\/aurumexperience.com\/es\/transporte-privado-barcelona-mucho-mas-que-un-chofer-durante-la-mwc-2023\/","url":"https:\/\/aurumexperience.com\/es\/transporte-privado-barcelona-mucho-mas-que-un-chofer-durante-la-mwc-2023\/","name":"Transporte privado Barcelona: m\u00e1s que un ch\u00f3fer durante la MWC 2023","isPartOf":{"@id":"https:\/\/aurumexperience.com\/es\/#website"},"primaryImageOfPage":{"@id":"https:\/\/aurumexperience.com\/es\/transporte-privado-barcelona-mucho-mas-que-un-chofer-durante-la-mwc-2023\/#primaryimage"},"image":{"@id":"https:\/\/aurumexperience.com\/es\/transporte-privado-barcelona-mucho-mas-que-un-chofer-durante-la-mwc-2023\/#primaryimage"},"thumbnailUrl":"https:\/\/aurumexperience.com\/wp-content\/uploads\/2023\/03\/private-transportation-barcelona-mwc-2023-aurum-experience-1.png","datePublished":"2023-02-13T13:37:51+00:00","description":"Como especialistas en transporte privado Barcelona te ofrecemos un completo servicio para tu asistencia al MWC 2023.","breadcrumb":{"@id":"https:\/\/aurumexperience.com\/es\/transporte-privado-barcelona-mucho-mas-que-un-chofer-durante-la-mwc-2023\/#breadcrumb"},"inLanguage":"es","potentialAction":[{"@type":"ReadAction","target":["https:\/\/aurumexperience.com\/es\/transporte-privado-barcelona-mucho-mas-que-un-chofer-durante-la-mwc-2023\/"]}]},{"@type":"ImageObject","inLanguage":"es","@id":"https:\/\/aurumexperience.com\/es\/transporte-privado-barcelona-mucho-mas-que-un-chofer-durante-la-mwc-2023\/#primaryimage","url":"https:\/\/aurumexperience.com\/wp-content\/uploads\/2023\/03\/private-transportation-barcelona-mwc-2023-aurum-experience-1.png","contentUrl":"https:\/\/aurumexperience.com\/wp-content\/uploads\/2023\/03\/private-transportation-barcelona-mwc-2023-aurum-experience-1.png","width":970,"height":704},{"@type":"BreadcrumbList","@id":"https:\/\/aurumexperience.com\/es\/transporte-privado-barcelona-mucho-mas-que-un-chofer-durante-la-mwc-2023\/#breadcrumb","itemListElement":[{"@type":"ListItem","position":1,"name":"Home","item":"https:\/\/aurumexperience.com\/es\/"},{"@type":"ListItem","position":2,"name":"Transporte privado Barcelona: mucho m\u00e1s que un ch\u00f3fer durante la MWC 2023"}]},{"@type":"WebSite","@id":"https:\/\/aurumexperience.com\/es\/#website","url":"https:\/\/aurumexperience.com\/es\/","name":"Aurum Experience - Concierge Services in Spain","description":"Concierge Services and VIP Transportation in Spain","publisher":{"@id":"https:\/\/aurumexperience.com\/es\/#organization"},"potentialAction":[{"@type":"SearchAction","target":{"@type":"EntryPoint","urlTemplate":"https:\/\/aurumexperience.com\/es\/?s={search_term_string}"},"query-input":{"@type":"PropertyValueSpecification","valueRequired":true,"valueName":"search_term_string"}}],"inLanguage":"es"},{"@type":"Organization","@id":"https:\/\/aurumexperience.com\/es\/#organization","name":"Aurum Experience - Concierge Services in Spain","url":"https:\/\/aurumexperience.com\/es\/","logo":{"@type":"ImageObject","inLanguage":"es","@id":"https:\/\/aurumexperience.com\/es\/#\/schema\/logo\/image\/","url":"https:\/\/aurumexperience.com\/wp-content\/uploads\/2022\/03\/AURUM_experience_Logo.png","contentUrl":"https:\/\/aurumexperience.com\/wp-content\/uploads\/2022\/03\/AURUM_experience_Logo.png","width":350,"height":113,"caption":"Aurum Experience - Concierge Services in Spain"},"image":{"@id":"https:\/\/aurumexperience.com\/es\/#\/schema\/logo\/image\/"}},{"@type":"Person","@id":"https:\/\/aurumexperience.com\/es\/#\/schema\/person\/430182b971c820a0bbeed97345abd8b9","name":"Aurum Experience","sameAs":["https:\/\/2022site.aurumexperience.com"],"url":"https:\/\/aurumexperience.com\/es\/author\/norapierre\/"}]}},"_links":{"self":[{"href":"https:\/\/aurumexperience.com\/es\/wp-json\/wp\/v2\/posts\/1767","targetHints":{"allow":["GET"]}}],"collection":[{"href":"https:\/\/aurumexperience.com\/es\/wp-json\/wp\/v2\/posts"}],"about":[{"href":"https:\/\/aurumexperience.com\/es\/wp-json\/wp\/v2\/types\/post"}],"author":[{"embeddable":true,"href":"https:\/\/aurumexperience.com\/es\/wp-json\/wp\/v2\/users\/1"}],"replies":[{"embeddable":true,"href":"https:\/\/aurumexperience.com\/es\/wp-json\/wp\/v2\/comments?post=1767"}],"version-history":[{"count":0,"href":"https:\/\/aurumexperience.com\/es\/wp-json\/wp\/v2\/posts\/1767\/revisions"}],"wp:featuredmedia":[{"embeddable":true,"href":"https:\/\/aurumexperience.com\/es\/wp-json\/wp\/v2\/media\/3978"}],"wp:attachment":[{"href":"https:\/\/aurumexperience.com\/es\/wp-json\/wp\/v2\/media?parent=1767"}],"wp:term":[{"taxonomy":"category","embeddable":true,"href":"https:\/\/aurumexperience.com\/es\/wp-json\/wp\/v2\/categories?post=1767"},{"taxonomy":"post_tag","embeddable":true,"href":"https:\/\/aurumexperience.com\/es\/wp-json\/wp\/v2\/tags?post=1767"}],"curies":[{"name":"wp","href":"https:\/\/api.w.org\/{rel}","templated":true}]}}